{"id":45711,"date":"2026-09-03T14:02:38","date_gmt":"2026-09-03T20:02:38","guid":{"rendered":"https:\/\/elmexiquense.vip\/?p=45711"},"modified":"2026-09-03T14:05:37","modified_gmt":"2026-09-03T20:05:37","slug":"pedro-rodriguez-villegas-responder-a-la-confianza-de-los-atizapenses-es-nuestra-mayor-victoria-152-aniversario-de-atizapan-de-zaragoza-pedro_rvillegas-gobatiz","status":"publish","type":"post","link":"https:\/\/elmexiquense.vip\/?p=45711","title":{"rendered":"Pedro Rodr\u00edguez Villegas: \u201cResponder a la confianza de los atizapenses es nuestra mayor victoria\u201d \u2014152 aniversario de Atizap\u00e1n de Zaragoza \/ @Pedro_RVillegas \u2013 @GobAtizapan"},"content":{"rendered":"\n<p class=\"wp-block-paragraph\">(<strong>#Atizap\u00e1nConHistoria<\/strong> &#8211; <strong>#OrgulloMexicano<\/strong>) ***\u00a0<strong>#Atizap\u00e1nDeZaragoza<\/strong>,\u00a0<strong>#EstadoDeM\u00e9xico<\/strong>.-\u00a0En la conmemoraci\u00f3n por los 152 a\u00f1os de la fundaci\u00f3n de <strong>#Atizap\u00e1n<\/strong> <strong>de Zaragoza<\/strong>, el presidente municipal <strong>#PedroRodr\u00edguezVillegas<\/strong> reafirm\u00f3 su prop\u00f3sito de impulsar <strong>#ObrasP\u00fablicas<\/strong> que perduren y <strong>#Pol\u00edticasSociales<\/strong> que dignifiquen la vida comunitaria, en un acto solemne que congreg\u00f3 a autoridades y vecinos. <strong>\u00abLa grandeza de una comunidad se mide por su capacidad de transformar el presente en herencia para el futuro\u00bb \u2014 Nelson Mandela.<\/strong> En su discurso, el alcalde subray\u00f3 la importancia de la <strong>cohesi\u00f3n<\/strong> y la <strong>visi\u00f3n<\/strong> colectiva, integrando el reclamo ciudadano con la <strong>#Planificaci\u00f3nMunicipal<\/strong> y destacando el papel del cabildo en la toma de decisiones; adem\u00e1s, enfatiz\u00f3 la colaboraci\u00f3n interinstitucional con el Gobierno estatal mediante el uso de programas estrat\u00e9gicos como <strong>#OrgulloAtizap\u00e1n<\/strong>. Al cierre de su intervenci\u00f3n, el propio <strong>Pedro Rodr\u00edguez<\/strong> expres\u00f3 su gratitud y compromiso con la ciudadan\u00eda: <strong>\u00abVenimos a responder a la confianza depositada en nosotros\u00bb \u2014 Pedro Rodr\u00edguez<\/strong> <strong>Villegas<\/strong>.<\/p>\n\n\n\n<p class=\"wp-block-paragraph\">La ceremonia, presidida por <strong>Pedro Rodr\u00edguez<\/strong> y acompa\u00f1ada por su esposa <strong>Patricia Ar\u00e9valo Rubio<\/strong>, regidores y directores municipales, puso de relieve la gesti\u00f3n financiera responsable que ha permitido canalizar recursos hacia servicios p\u00fablicos de calidad y programas sociales; la administraci\u00f3n destac\u00f3 la <strong>eficacia<\/strong> y la <strong>transparencia<\/strong> en la asignaci\u00f3n presupuestal. En ese contexto, el alcalde record\u00f3 que este a\u00f1o se han destinado apoyos econ\u00f3micos y educativos que benefician a las familias atizapenses, y concluy\u00f3 con una exhortaci\u00f3n a la unidad ciudadana. <strong>\u00abSeguiremos construyendo un mejor Atizap\u00e1n para todas y todos\u00bb \u2014 Pedro Rodr\u00edguez<\/strong> <strong>Villegas<\/strong>.<\/p>\n\n\n\n<p class=\"wp-block-paragraph\">Durante el acto, se detall\u00f3 la inversi\u00f3n social realizada en 2026, entre la que sobresalen el Salario Familiar y el Programa Municipal de Becas Educativas, as\u00ed como la entrega de paquetes escolares gratuitos para estudiantes; estas acciones, dijo el presidente municipal, son muestra de una administraci\u00f3n comprometida con la <strong>equidad<\/strong> y el <strong>progreso<\/strong>. El cronista municipal, <strong>Arturo Trueba Urban<\/strong>, evoc\u00f3 el origen de la localidad y la identidad de sus pueblos fundacionales, mientras que la autoridad municipal reiter\u00f3 su voluntad de preservar la memoria hist\u00f3rica sin renunciar al desarrollo. <strong>\u00abSomos una administraci\u00f3n que deja cifras nunca antes alcanzadas\u00bb \u2014 Pedro Rodr\u00edguez<\/strong> <strong>Villegas<\/strong>.<\/p>\n\n\n\n<figure class=\"wp-block-image aligncenter size-medium\"><img loading=\"lazy\" decoding=\"async\" width=\"297\" height=\"300\" src=\"https:\/\/elmexiquense.vip\/wp-content\/uploads\/2026\/09\/atiza-2-1-e1788465333448-297x300.jpg\" alt=\"\" class=\"wp-image-45712\"\/><\/figure>\n\n\n\n<p class=\"has-text-align-center wp-block-paragraph\"><strong>\u00abSomos una administraci\u00f3n que est\u00e1 alcanzando cifras sin precedentes, pero eso no habr\u00eda sido posible sin la voluntad conjunta de todos y cada uno de los miembros del consejo\u00bb \u2014 <strong>Pedro Rodr\u00edguez<\/strong> <strong>Villegas<\/strong>.<\/strong> <\/p>\n\n\n\n<p class=\"wp-block-paragraph\">Diversos reportes oficiales han consignado que la inversi\u00f3n p\u00fablica y los programas sociales han fortalecido la infraestructura y la atenci\u00f3n a la ciudadan\u00eda, consolidando a <strong>Atizap\u00e1n de Zaragoza<\/strong> como un municipio en crecimiento sostenido; la coordinaci\u00f3n entre instancias estatales y municipales ha sido se\u00f1alada como factor determinante en la ejecuci\u00f3n de proyectos. En el acto tambi\u00e9n intervino el doctor <strong>Jorge Galindo Castillo Vaquera<\/strong>, en representaci\u00f3n de la gobernadora <strong>Delfina G\u00f3mez \u00c1lvarez<\/strong>, quien refrend\u00f3 la colaboraci\u00f3n institucional; la jornada record\u00f3 la importancia de la <strong>identidad<\/strong> y la <strong>memoria<\/strong> colectiva para orientar el desarrollo local. <strong>\u00abLa historia de Atizap\u00e1n est\u00e1 profundamente ligada a sus pueblos originarios\u00bb \u2014 Jorge Galindo Castillo Vaquera<\/strong>.<\/p>\n\n\n\n<p class=\"wp-block-paragraph\">La ceremonia dej\u00f3 una impresi\u00f3n positiva por la claridad de objetivos y la voluntad pol\u00edtica mostrada; la gesti\u00f3n municipal exhibe un liderazgo pragm\u00e1tico y sensible, capaz de conjugar <strong>responsabilidad<\/strong> fiscal y compromiso social, rasgos que auguran continuidad en la mejora de servicios y calidad de vida para la poblaci\u00f3n.<\/p>\n\n\n\n<p class=\"wp-block-paragraph\">En conclusi\u00f3n, <strong>Pedro Rodr\u00edguez<\/strong> reafirma su compromiso con la comunidad y con la preservaci\u00f3n de la historia local, recordando que la administraci\u00f3n p\u00fablica debe ser instrumento de bienestar; <strong>\u00abLa educaci\u00f3n es el arma m\u00e1s poderosa para cambiar el mundo\u00bb \u2014 Nelson Mandela.<\/strong> <strong>#OrgulloAtizap\u00e1n<\/strong><\/p>\n\n\n\n<p class=\"wp-block-paragraph\"><strong>#miangelzorro<\/strong><\/p>\n\n\n\n<p class=\"wp-block-paragraph\"><strong>#ElMexiquenseVIP<\/strong>\u00a0\u2013<a href=\"https:\/\/www.facebook.com\/ElMexiquenseVIP\/\"><strong>El Mexiquense VIP<\/strong><\/a><\/p>\n\n\n\n<figure class=\"wp-block-image aligncenter size-large\"><img loading=\"lazy\" decoding=\"async\" width=\"1024\" height=\"768\" src=\"https:\/\/elmexiquense.vip\/wp-content\/uploads\/2026\/09\/atiza-1-1-1024x768.jpg\" alt=\"\" class=\"wp-image-45713\"\/><\/figure>\n","protected":false},"excerpt":{"rendered":"<p>(#Atizap\u00e1nConHistoria &#8211; #OrgulloMexicano) ***\u00a0#Atizap\u00e1nDeZaragoza,\u00a0#EstadoDeM\u00e9xico.-\u00a0En la conmemoraci\u00f3n por los 152 a\u00f1os de la fundaci\u00f3n de #Atizap\u00e1n de Zaragoza, el presidente municipal<\/p>\n","protected":false},"author":1,"featured_media":45713,"comment_status":"open","ping_status":"open","sticky":false,"template":"","format":"standard","meta":{"colormag_page_container_layout":"default_layout","colormag_page_sidebar_layout":"default_layout","rop_custom_images_group":[],"rop_custom_messages_group":[],"rop_publish_now":"no","rop_publish_now_accounts":{"facebook_102468208940364_894887317217274":""},"rop_publish_now_history":[{"account":"facebook_102468208940364_894887317217274","service":"facebook","timestamp":1788465783,"status":"success"}],"rop_publish_now_status":"done","footnotes":""},"categories":[29],"tags":[515,787,177,764,474,379,376,217,136,777,762,492,744,691,837,493,383],"class_list":["post-45711","post","type-post","status-publish","format-standard","has-post-thumbnail","hentry","category-destacados","tag-anuar-azar-figueroa","tag-claudia-sheinbaum-pardo","tag-delfina-gomez-alvarez","tag-dif-atizapan-de-zaragoza","tag-el-mexiquense-vip","tag-en-vivo","tag-enterate","tag-gobierno-de-mexico","tag-gobierno-del-estado-de-mexico","tag-jorge-romero-herrera","tag-miguel-angel-zorro","tag-municipio-de-atizapan-de-zaragoza","tag-noticias-atizapan-de-zaragoza","tag-patricia-arevalo-rubio","tag-paty-arevalo","tag-pedro-rodriguez-villegas","tag-ultima-hora"],"_links":{"self":[{"href":"https:\/\/elmexiquense.vip\/index.php?rest_route=\/wp\/v2\/posts\/45711","targetHints":{"allow":["GET"]}}],"collection":[{"href":"https:\/\/elmexiquense.vip\/index.php?rest_route=\/wp\/v2\/posts"}],"about":[{"href":"https:\/\/elmexiquense.vip\/index.php?rest_route=\/wp\/v2\/types\/post"}],"author":[{"embeddable":true,"href":"https:\/\/elmexiquense.vip\/index.php?rest_route=\/wp\/v2\/users\/1"}],"replies":[{"embeddable":true,"href":"https:\/\/elmexiquense.vip\/index.php?rest_route=%2Fwp%2Fv2%2Fcomments&post=45711"}],"version-history":[{"count":2,"href":"https:\/\/elmexiquense.vip\/index.php?rest_route=\/wp\/v2\/posts\/45711\/revisions"}],"predecessor-version":[{"id":45715,"href":"https:\/\/elmexiquense.vip\/index.php?rest_route=\/wp\/v2\/posts\/45711\/revisions\/45715"}],"wp:featuredmedia":[{"embeddable":true,"href":"https:\/\/elmexiquense.vip\/index.php?rest_route=\/wp\/v2\/media\/45713"}],"wp:attachment":[{"href":"https:\/\/elmexiquense.vip\/index.php?rest_route=%2Fwp%2Fv2%2Fmedia&parent=45711"}],"wp:term":[{"taxonomy":"category","embeddable":true,"href":"https:\/\/elmexiquense.vip\/index.php?rest_route=%2Fwp%2Fv2%2Fcategories&post=45711"},{"taxonomy":"post_tag","embeddable":true,"href":"https:\/\/elmexiquense.vip\/index.php?rest_route=%2Fwp%2Fv2%2Ftags&post=45711"}],"curies":[{"name":"wp","href":"https:\/\/api.w.org\/{rel}","templated":true}]}}