{"id":45716,"date":"2026-09-03T15:59:50","date_gmt":"2026-09-03T21:59:50","guid":{"rendered":"https:\/\/elmexiquense.vip\/?p=45716"},"modified":"2026-09-03T15:59:50","modified_gmt":"2026-09-03T21:59:50","slug":"descenso-del-37-en-homicidios-en-cuautitlan-izcalli-daniel-serrano-destaca-avance-magno-en-seguridad-daniel_ser-gobizcalli","status":"publish","type":"post","link":"https:\/\/elmexiquense.vip\/?p=45716","title":{"rendered":"Descenso del 37 % en homicidios en Cuautitl\u00e1n Izcalli; Daniel Serrano destaca avance magno en seguridad \/ @daniel_ser @GobIzcalli >>>"},"content":{"rendered":"\n<p class=\"wp-block-paragraph\"><strong>(#Prevenci\u00f3nDelDelito<\/strong> &#8211; <strong>#SeguridadCiudadana<\/strong>)  ***\u00a0<strong>#Cuautitl\u00e1nIzcalli<\/strong>,\u00a0<strong>#EstadoDeM\u00e9xico<\/strong>.- El municipio de <strong>Cuautitl\u00e1n<\/strong> <strong>#Izcalli<\/strong>, bajo la conducci\u00f3n del presidente <strong>#DanielSerranoPalacios<\/strong>, registr\u00f3 una <strong>reducci\u00f3n<\/strong> del <strong>37%<\/strong> en <strong>#HomicidiosDolosos<\/strong> entre enero y julio de <strong>2026<\/strong> respecto al mismo periodo de <strong>2024<\/strong>, lo que constituye un avance notable en materia de <strong>#Seguridad<\/strong> y gobernanza; este resultado se atribuye a un despliegue operativo focalizado y a pol\u00edticas de proximidad social que han recuperado la confianza vecinal. <strong>\u201cLa paz comienza con una sonrisa.\u201d \u2014 Madre Teresa<\/strong>. En este contexto, la administraci\u00f3n enfatiza la estrategia integral y la articulaci\u00f3n interinstitucional, con especial atenci\u00f3n en zonas prioritarias y en la atenci\u00f3n ciudadana. <strong>\u201cSeguiremos trabajando por la tranquilidad de las familias izcallenses\u201d \u2014 Daniel SerranoPalacios.<\/strong> <\/p>\n\n\n\n<p class=\"wp-block-paragraph\">La pol\u00edtica p\u00fablica municipal combina operativos conjuntos, inteligencia y programas de prevenci\u00f3n comunitaria que han permitido respuestas m\u00e1s eficaces y oportunas ante la violencia; la sinergia entre autoridades y ciudadan\u00eda ha fortalecido los canales de denuncia y la corresponsabilidad social. El enfoque ha privilegiado la proximidad policial y la atenci\u00f3n integral a v\u00edctimas, con resultados medibles en la disminuci\u00f3n de delitos de alto impacto. <strong>\u201cLa seguridad se construye d\u00eda a d\u00eda con trabajo y di\u00e1logo\u201d \u2014 <strong>Daniel SerranoPalacios<\/strong>.<\/strong> <\/p>\n\n\n\n<p class=\"wp-block-paragraph\">Al comparar enero\u2011julio de <strong>2026<\/strong> con el mismo lapso de <strong>2025<\/strong>, primer a\u00f1o de la actual administraci\u00f3n, la incidencia de homicidios dolosos descendi\u00f3 un <strong>29%<\/strong>, al pasar de <strong>48<\/strong> a <strong>34<\/strong> casos, lo que evidencia una tendencia sostenida y coherente con la estrategia municipal; las labores de prevenci\u00f3n y el patrullaje focalizado han sido determinantes para consolidar esta trayectoria. La intervenci\u00f3n social y los programas de reinserci\u00f3n han complementado las acciones operativas, buscando atender las causas estructurales de la violencia. <strong>\u201cLos resultados hablan del compromiso institucional con la paz\u201d \u2014 <strong>Daniel SerranoPalacios<\/strong>.<\/strong> <\/p>\n\n\n\n<figure class=\"wp-block-image aligncenter size-medium\"><img loading=\"lazy\" decoding=\"async\" width=\"257\" height=\"300\" src=\"https:\/\/elmexiquense.vip\/wp-content\/uploads\/2026\/09\/banner-Izcalli-1-257x300.jpg\" alt=\"\" class=\"wp-image-45718\" srcset=\"https:\/\/elmexiquense.vip\/wp-content\/uploads\/2026\/09\/banner-Izcalli-1-257x300.jpg 257w, https:\/\/elmexiquense.vip\/wp-content\/uploads\/2026\/09\/banner-Izcalli-1.jpg 300w\" sizes=\"auto, (max-width: 257px) 100vw, 257px\" \/><\/figure>\n\n\n\n<p class=\"wp-block-paragraph\"><\/p>\n\n\n\n<p class=\"has-text-align-center wp-block-paragraph\"><strong>\u201cSeguiremos fortaleciendo la coordinaci\u00f3n y la presencia operativa\u201d \u2014 <strong><strong>Daniel SerranoPalacios<\/strong>.<\/strong> <\/strong><\/p>\n\n\n\n<p class=\"wp-block-paragraph\">Diversas notas oficiales han consignado la reducci\u00f3n de delitos de alto impacto y han se\u00f1alado la coordinaci\u00f3n entre los tres \u00f3rdenes de gobierno como factor decisivo; la administraci\u00f3n local ha intensificado la presencia policial en puntos cr\u00edticos y ha ampliado los canales de atenci\u00f3n ciudadana, lo que ha permitido recuperar espacios p\u00fablicos y restituir la confianza social en el municipio. Estas medidas, articuladas con programas preventivos, han mostrado efectos concretos en la seguridad cotidiana de las familias izcallenses. <strong>\u201cNuestra prioridad es proteger a las familias izcallenses\u201d \u2014 <strong>Daniel SerranoPalacios<\/strong>.<\/strong> <\/p>\n\n\n\n<p class=\"wp-block-paragraph\">A mi parecer, la gesti\u00f3n municipal exhibe una visi\u00f3n proactiva y responsable; su liderazgo ha impulsado medidas que, adem\u00e1s de reducir la incidencia delictiva, promueven la cohesi\u00f3n social y la resiliencia comunitaria, favoreciendo la convivencia y el bienestar colectivo. La actuaci\u00f3n del presidente <strong><strong>Daniel Serrano<\/strong><\/strong> <strong>Palacios<\/strong> merece reconocimiento por su enfoque estrat\u00e9gico y su compromiso con la seguridad y la paz p\u00fablica. <\/p>\n\n\n\n<p class=\"wp-block-paragraph\">En s\u00edntesis, la administraci\u00f3n de <strong>Daniel Serrano Palacios<\/strong> consolida avances significativos en materia de seguridad, con indicadores que reflejan una tendencia positiva y sostenida; <strong>\u201cLa uni\u00f3n hace la fuerza.\u201d \u2014 Esopo<\/strong> <strong>#PazSocial<\/strong><\/p>\n\n\n\n<p class=\"wp-block-paragraph\"><strong>#miangelzorro<\/strong><\/p>\n\n\n\n<p class=\"wp-block-paragraph\">#<strong>ElMexiquenseVIP<\/strong>\u00a0\u2013<a href=\"https:\/\/www.facebook.com\/ElMexiquenseVIP\/\"><strong>El Mexiquense VIP<\/strong><\/a><\/p>\n\n\n\n<figure class=\"wp-block-image aligncenter size-full\"><img loading=\"lazy\" decoding=\"async\" width=\"300\" height=\"350\" src=\"https:\/\/elmexiquense.vip\/wp-content\/uploads\/2026\/09\/banner-Izcalli-1.jpg\" alt=\"\" class=\"wp-image-45718\" srcset=\"https:\/\/elmexiquense.vip\/wp-content\/uploads\/2026\/09\/banner-Izcalli-1.jpg 300w, https:\/\/elmexiquense.vip\/wp-content\/uploads\/2026\/09\/banner-Izcalli-1-257x300.jpg 257w\" sizes=\"auto, (max-width: 300px) 100vw, 300px\" \/><\/figure>\n","protected":false},"excerpt":{"rendered":"<p>(#Prevenci\u00f3nDelDelito &#8211; #SeguridadCiudadana) ***\u00a0#Cuautitl\u00e1nIzcalli,\u00a0#EstadoDeM\u00e9xico.- El municipio de Cuautitl\u00e1n #Izcalli, bajo la conducci\u00f3n del presidente #DanielSerranoPalacios, registr\u00f3 una reducci\u00f3n del 37%<\/p>\n","protected":false},"author":1,"featured_media":45717,"comment_status":"open","ping_status":"open","sticky":false,"template":"","format":"standard","meta":{"colormag_page_container_layout":"default_layout","colormag_page_sidebar_layout":"default_layout","rop_custom_images_group":[],"rop_custom_messages_group":[],"rop_publish_now":"no","rop_publish_now_accounts":{"facebook_102468208940364_894887317217274":""},"rop_publish_now_history":[{"account":"facebook_102468208940364_894887317217274","service":"facebook","timestamp":1788472812,"status":"success"}],"rop_publish_now_status":"done","footnotes":""},"categories":[73],"tags":[88,934,787,900,758,177,100,474,379,376,217,136,613,927,762,688,435,899,383],"class_list":["post-45716","post","type-post","status-publish","format-standard","has-post-thumbnail","hentry","category-sobresaliente","tag-amlo","tag-ariadna-montiel-reyes","tag-claudia-sheinbaum-pardo","tag-cuautitlan-izcalli-news","tag-daniel-serrano-palacios","tag-delfina-gomez-alvarez","tag-dif-cuautitlan-izcalli","tag-el-mexiquense-vip","tag-en-vivo","tag-enterate","tag-gobierno-de-mexico","tag-gobierno-del-estado-de-mexico","tag-gobierno-municipal-de-cuautitlan-izcalli","tag-luz-maria-hernandez-bermudez","tag-miguel-angel-zorro","tag-noticias-cuautitlan-izcalli","tag-noticias-estado-de-mexico","tag-turismo-cuautitlan-izcalli","tag-ultima-hora"],"_links":{"self":[{"href":"https:\/\/elmexiquense.vip\/index.php?rest_route=\/wp\/v2\/posts\/45716","targetHints":{"allow":["GET"]}}],"collection":[{"href":"https:\/\/elmexiquense.vip\/index.php?rest_route=\/wp\/v2\/posts"}],"about":[{"href":"https:\/\/elmexiquense.vip\/index.php?rest_route=\/wp\/v2\/types\/post"}],"author":[{"embeddable":true,"href":"https:\/\/elmexiquense.vip\/index.php?rest_route=\/wp\/v2\/users\/1"}],"replies":[{"embeddable":true,"href":"https:\/\/elmexiquense.vip\/index.php?rest_route=%2Fwp%2Fv2%2Fcomments&post=45716"}],"version-history":[{"count":1,"href":"https:\/\/elmexiquense.vip\/index.php?rest_route=\/wp\/v2\/posts\/45716\/revisions"}],"predecessor-version":[{"id":45719,"href":"https:\/\/elmexiquense.vip\/index.php?rest_route=\/wp\/v2\/posts\/45716\/revisions\/45719"}],"wp:featuredmedia":[{"embeddable":true,"href":"https:\/\/elmexiquense.vip\/index.php?rest_route=\/wp\/v2\/media\/45717"}],"wp:attachment":[{"href":"https:\/\/elmexiquense.vip\/index.php?rest_route=%2Fwp%2Fv2%2Fmedia&parent=45716"}],"wp:term":[{"taxonomy":"category","embeddable":true,"href":"https:\/\/elmexiquense.vip\/index.php?rest_route=%2Fwp%2Fv2%2Fcategories&post=45716"},{"taxonomy":"post_tag","embeddable":true,"href":"https:\/\/elmexiquense.vip\/index.php?rest_route=%2Fwp%2Fv2%2Ftags&post=45716"}],"curies":[{"name":"wp","href":"https:\/\/api.w.org\/{rel}","templated":true}]}}