{"id":45723,"date":"2026-09-03T18:11:31","date_gmt":"2026-09-04T00:11:31","guid":{"rendered":"https:\/\/elmexiquense.vip\/?p=45723"},"modified":"2026-09-03T18:11:31","modified_gmt":"2026-09-04T00:11:31","slug":"la-alimentacion-digna-es-una-prioridad-asegura-raciel-perez-cruz-tras-la-apertura-de-la-nueva-cocina-del-bienestar-en-tlalnepantla-racielperezc_-gob_tlalne","status":"publish","type":"post","link":"https:\/\/elmexiquense.vip\/?p=45723","title":{"rendered":"\u00abLa alimentaci\u00f3n digna es una prioridad\u00bb, asegura Raciel P\u00e9rez Cruz tras la apertura de la nueva Cocina del Bienestar en Tlalnepantla \/ @RacielPerezC_ @Gob_Tlalne >>>"},"content":{"rendered":"\n<p class=\"wp-block-paragraph\">(<strong>#TlalnepantlaSeguro<\/strong> &#8211; <strong>#CocinaDelBienestar<\/strong>) ***\u00a0<strong><strong>#TlalnepantlaDeBaz<\/strong>,\u00a0<strong>#EstadoDeM\u00e9xico<\/strong>.-<\/strong> La inauguraci\u00f3n de la nueva <strong>#CocinaDelBienestar<\/strong> en la colonia <strong>El Arenal<\/strong>, encabezada por el alcalde<strong> #RacielP\u00e9rezCruz,<\/strong> reafirma el compromiso municipal con la <strong>#SeguridadAlimentaria<\/strong> y la <strong>#Cohesi\u00f3nSocial<\/strong>; este proyecto prioriza el acceso a men\u00fas nutritivos, asequibles y supervisados por especialistas, concebidos como instrumento de <strong>#Pol\u00edticaP\u00fablica<\/strong> para mitigar la inseguridad alimentaria y promover la <strong>#SalubridadComunitaria<\/strong>. En su discurso inaugural, el presidente municipal destac\u00f3 la vocaci\u00f3n de servicio y la visi\u00f3n de largo plazo del programa. <strong>\u00abEste es un proyecto prioritario dise\u00f1ado para asegurar el acceso a alimentos nutritivos, balanceados y a precios accesibles para la poblaci\u00f3n\u00bb \u2014 Raciel P\u00e9rez Cruz.<\/strong><\/p>\n\n\n\n<p class=\"wp-block-paragraph\">La puesta en marcha de la sede en <strong>El Arenal<\/strong> forma parte de una expansi\u00f3n planificada que busca consolidar una <strong>red de apoyo nutricional<\/strong> en puntos estrat\u00e9gicos de <strong>Tlalnepantla<\/strong>; la iniciativa combina log\u00edstica eficiente, control sanitario y atenci\u00f3n focalizada a grupos vulnerables, con \u00e9nfasis en la dignidad y la inclusi\u00f3n social. La administraci\u00f3n municipal subraya la importancia de la corresponsabilidad ciudadana y la articulaci\u00f3n interinstitucional para garantizar la continuidad del servicio. <strong>\u00abEste programa responde al compromiso de transformar la calidad de vida de las familias\u00bb \u2014 Raciel P\u00e9rez Cruz.<\/strong><\/p>\n\n\n\n<p class=\"wp-block-paragraph\">El modelo operativo de las <strong>Cocinas del Bienestar<\/strong> integra men\u00fas balanceados, protocolos de higiene y evaluaci\u00f3n nutricional, adem\u00e1s de capacitaci\u00f3n para el personal y mecanismos de retroalimentaci\u00f3n comunitaria; estas acciones buscan no solo atender la carencia alimentaria, sino tambi\u00e9n fomentar h\u00e1bitos de consumo saludables y sostenibles. La iniciativa prioriza la atenci\u00f3n a ni\u00f1as, ni\u00f1os, adultos mayores y trabajadores con recursos limitados, fortaleciendo la red social de protecci\u00f3n. <strong>\u00abLas Cocinas del Bienestar constituyen un pilar fundamental en la estrategia de justicia social del municipio\u00bb \u2014 Raciel P\u00e9rez Cruz.<\/strong><\/p>\n\n\n\n<figure class=\"wp-block-image aligncenter size-medium\"><img loading=\"lazy\" decoding=\"async\" width=\"300\" height=\"254\" src=\"https:\/\/elmexiquense.vip\/wp-content\/uploads\/2026\/09\/raci-2-1-e1788480430669-300x254.jpg\" alt=\"\" class=\"wp-image-45724\"\/><\/figure>\n\n\n\n<p class=\"has-text-align-center wp-block-paragraph\"><strong>\u00abLa alimentaci\u00f3n digna debe ser un derecho efectivo para toda la ciudadan\u00eda\u00bb \u2014 Raciel P\u00e9rez Cruz.<\/strong> <\/p>\n\n\n\n<p class=\"wp-block-paragraph\">La cobertura reciente destaca la ampliaci\u00f3n de servicios comunitarios y la inversi\u00f3n en infraestructura social en diversos puntos del municipio, lo que ha permitido optimizar la distribuci\u00f3n de alimentos y mejorar la respuesta ante contingencias alimentarias; la apertura en <strong>El Arenal<\/strong> se suma a otras acciones municipales orientadas a la <strong>equidad<\/strong> y al desarrollo local, promovidas por <strong>Raciel P\u00e9rez Cruz<\/strong> como parte de una pol\u00edtica integral de bienestar. <strong>\u00abGarantizamos que el presupuesto p\u00fablico se traduzca en beneficios directos para las comunidades con mayor rezago\u00bb \u2014 Raciel P\u00e9rez Cruz.<\/strong><\/p>\n\n\n\n<p class=\"wp-block-paragraph\">A mi parecer, la inauguraci\u00f3n de la <strong>Cocina del Bienestar<\/strong> en <strong>El Arenal<\/strong> confirma una gesti\u00f3n sensible y eficaz; su liderazgo demuestra capacidad para articular recursos, priorizar la salud p\u00fablica y generar soluciones concretas que mejoran la vida cotidiana de las familias. Esta acci\u00f3n municipal refleja una visi\u00f3n humana y pragm\u00e1tica que merece reconocimiento por su impacto social y coherencia program\u00e1tica.<\/p>\n\n\n\n<p class=\"wp-block-paragraph\">En conclusi\u00f3n, la administraci\u00f3n de <strong>Raciel P\u00e9rez Cruz<\/strong> reafirma su apuesta por la <strong>justicia social<\/strong> y la salud comunitaria; <strong>\u00abLa verdadera riqueza consiste en el bienestar del pueblo.\u00bb \u2014 Jos\u00e9 Mart\u00ed<\/strong> <strong>#BienestarParaTodos<\/strong><\/p>\n\n\n\n<p class=\"wp-block-paragraph\"><strong>#miangelzorro<\/strong><\/p>\n\n\n\n<p class=\"wp-block-paragraph\"><strong>#ElMexiquenseVIP<\/strong>\u00a0\u2013<a href=\"https:\/\/www.facebook.com\/ElMexiquenseVIP\/\"><strong>El Mexiquense VIP<\/strong><\/a><\/p>\n\n\n\n<figure class=\"wp-block-image aligncenter size-large\"><img loading=\"lazy\" decoding=\"async\" width=\"1024\" height=\"698\" src=\"https:\/\/elmexiquense.vip\/wp-content\/uploads\/2026\/09\/raci-1-1-e1788480477105-1024x698.jpg\" alt=\"\" class=\"wp-image-45725\"\/><\/figure>\n","protected":false},"excerpt":{"rendered":"<p>(#TlalnepantlaSeguro &#8211; #CocinaDelBienestar) ***\u00a0#TlalnepantlaDeBaz,\u00a0#EstadoDeM\u00e9xico.- La inauguraci\u00f3n de la nueva #CocinaDelBienestar en la colonia El Arenal, encabezada por el alcalde #RacielP\u00e9rezCruz,<\/p>\n","protected":false},"author":1,"featured_media":45725,"comment_status":"open","ping_status":"open","sticky":false,"template":"","format":"standard","meta":{"colormag_page_container_layout":"default_layout","colormag_page_sidebar_layout":"default_layout","rop_custom_images_group":[],"rop_custom_messages_group":[],"rop_publish_now":"no","rop_publish_now_accounts":{"facebook_102468208940364_894887317217274":""},"rop_publish_now_history":[{"account":"facebook_102468208940364_894887317217274","service":"facebook","timestamp":1788480749,"status":"success"}],"rop_publish_now_status":"done","footnotes":""},"categories":[29],"tags":[773,934,787,177,602,474,379,376,217,599,136,927,762,152,51,383],"class_list":["post-45723","post","type-post","status-publish","format-standard","has-post-thumbnail","hentry","category-destacados","tag-andres-manuel-lopez-beltran","tag-ariadna-montiel-reyes","tag-claudia-sheinbaum-pardo","tag-delfina-gomez-alvarez","tag-dif-tlalnepantla","tag-el-mexiquense-vip","tag-en-vivo","tag-enterate","tag-gobierno-de-mexico","tag-gobierno-de-tlalnepantla-de-baz","tag-gobierno-del-estado-de-mexico","tag-luz-maria-hernandez-bermudez","tag-miguel-angel-zorro","tag-municipio-de-tlalnepantla-de-baz","tag-raciel-perez-cruz","tag-ultima-hora"],"_links":{"self":[{"href":"https:\/\/elmexiquense.vip\/index.php?rest_route=\/wp\/v2\/posts\/45723","targetHints":{"allow":["GET"]}}],"collection":[{"href":"https:\/\/elmexiquense.vip\/index.php?rest_route=\/wp\/v2\/posts"}],"about":[{"href":"https:\/\/elmexiquense.vip\/index.php?rest_route=\/wp\/v2\/types\/post"}],"author":[{"embeddable":true,"href":"https:\/\/elmexiquense.vip\/index.php?rest_route=\/wp\/v2\/users\/1"}],"replies":[{"embeddable":true,"href":"https:\/\/elmexiquense.vip\/index.php?rest_route=%2Fwp%2Fv2%2Fcomments&post=45723"}],"version-history":[{"count":1,"href":"https:\/\/elmexiquense.vip\/index.php?rest_route=\/wp\/v2\/posts\/45723\/revisions"}],"predecessor-version":[{"id":45726,"href":"https:\/\/elmexiquense.vip\/index.php?rest_route=\/wp\/v2\/posts\/45723\/revisions\/45726"}],"wp:featuredmedia":[{"embeddable":true,"href":"https:\/\/elmexiquense.vip\/index.php?rest_route=\/wp\/v2\/media\/45725"}],"wp:attachment":[{"href":"https:\/\/elmexiquense.vip\/index.php?rest_route=%2Fwp%2Fv2%2Fmedia&parent=45723"}],"wp:term":[{"taxonomy":"category","embeddable":true,"href":"https:\/\/elmexiquense.vip\/index.php?rest_route=%2Fwp%2Fv2%2Fcategories&post=45723"},{"taxonomy":"post_tag","embeddable":true,"href":"https:\/\/elmexiquense.vip\/index.php?rest_route=%2Fwp%2Fv2%2Ftags&post=45723"}],"curies":[{"name":"wp","href":"https:\/\/api.w.org\/{rel}","templated":true}]}}