{"id":45727,"date":"2026-09-03T20:05:53","date_gmt":"2026-09-04T02:05:53","guid":{"rendered":"https:\/\/elmexiquense.vip\/?p=45727"},"modified":"2026-09-03T20:05:53","modified_gmt":"2026-09-04T02:05:53","slug":"isaac-montoya-marquez-reivindica-el-patrimonio-y-la-plenitud-urbana-en-el-152-aniversario-de-naucalpan-de-juarez-isaacsolar-gobnau","status":"publish","type":"post","link":"https:\/\/elmexiquense.vip\/?p=45727","title":{"rendered":"Isaac Montoya M\u00e1rquez reivindica el patrimonio y la plenitud urbana en el 152 aniversario de Naucalpan de Ju\u00e1rez \/ @isaacsolar @GobNau >>>"},"content":{"rendered":"\n<p class=\"wp-block-paragraph\"><strong>(<strong>#ObraP\u00fablica<\/strong><\/strong> &#8211; <strong>#Transformaci\u00f3nMX<\/strong>) ***\u00a0<strong>#NaucalpanDeJu\u00e1rez<\/strong>,\u00a0<strong>#EstadoDeM\u00e9xico<\/strong>.-\u00a0En la conmemoraci\u00f3n del 152 Aniversario, <strong>#IsaacMontoyaM\u00e1rquez<\/strong> inaugur\u00f3 el acto en la <strong>#PlazaRevoluci\u00f3n<\/strong> y present\u00f3 el proyecto de <strong>remodelaci\u00f3n<\/strong> del Parque Revoluci\u00f3n, al tiempo que anunci\u00f3 recorridos casa por casa con directores municipales para afianzar la gesti\u00f3n territorial. <strong>\u00abLa historia es la maestra de la vida\u00bb \u2014 Cicer\u00f3n.<\/strong> El evento reuni\u00f3 a integrantes del Cabildo y a funcionariado en una muestra de gobierno de <strong>territorio<\/strong> y compromiso c\u00edvico. <strong>\u00abTrabajamos desde el territorio para transformar\u00bb \u2014 Isaac Montoya M\u00e1rquez<\/strong>.<\/p>\n\n\n\n<p class=\"wp-block-paragraph\">La ceremonia sirvi\u00f3 para subrayar el peso econ\u00f3mico de la demarcaci\u00f3n y la necesidad de preservar la memoria de los pueblos originarios; <strong>Isaac Montoya M\u00e1rquez<\/strong> record\u00f3 la importancia de rescatar s\u00edmbolos identitarios y patrimonio cultural, deportivo y social, en un llamado a la cohesi\u00f3n y al progreso. La administraci\u00f3n municipal enfatiza la descentralizaci\u00f3n de obras y actos c\u00edvicos como eje para atender directamente las demandas vecinales. <strong>\u00abLa prioridad es la gente y su memoria\u00bb \u2014 Isaac Montoya M\u00e1rquez<\/strong>. <\/p>\n\n\n\n<p class=\"wp-block-paragraph\">En su discurso, <strong>Isaac Montoya M\u00e1rquez<\/strong> detall\u00f3 avances cuantificables: m\u00e1s de 234 colonias atendidas de 311, casi 100 Huellas de la Transformaci\u00f3n, y m\u00e1s de 67 kil\u00f3metros de Senderos Seguros y Luminosos, cifras que evidencian una intervenci\u00f3n sostenida en infraestructura y espacio p\u00fablico. Se destac\u00f3 la rehabilitaci\u00f3n de vialidades estrat\u00e9gicas y la aplicaci\u00f3n de toneladas de mezcla asf\u00e1ltica en 2025 y 2026 como parte de una pol\u00edtica de <strong>inversi\u00f3n<\/strong> orientada a la dignificaci\u00f3n urbana. <strong>\u00abLa inversi\u00f3n en infraestructura es inversi\u00f3n en dignidad\u00bb \u2014 Isaac Montoya M\u00e1rquez<\/strong>.<\/p>\n\n\n\n<figure class=\"wp-block-image aligncenter size-medium\"><img loading=\"lazy\" decoding=\"async\" width=\"300\" height=\"205\" src=\"https:\/\/elmexiquense.vip\/wp-content\/uploads\/2026\/09\/isa-1-e1788487423150-300x205.jpg\" alt=\"\" class=\"wp-image-45729\"\/><\/figure>\n\n\n\n<p class=\"has-text-align-center wp-block-paragraph\"><strong>\u00abSeguiremos transformando cada calle y cada colonia\u00bb \u2014 Isaac Montoya M\u00e1rquez.<\/strong> <\/p>\n\n\n\n<p class=\"wp-block-paragraph\">La agenda municipal, con la presencia de la representante estatal, incluy\u00f3 la presentaci\u00f3n de obras y la promesa de duplicar la inversi\u00f3n en 2026; medios oficiales consignan un incremento notable en el gasto de obra p\u00fablica y la proyecci\u00f3n de nuevas intervenciones que refuerzan la estrategia de <strong>gesti\u00f3n<\/strong> territorial encabezada por <strong>Isaac Montoya M\u00e1rquez<\/strong>. La descentralizaci\u00f3n y la priorizaci\u00f3n de colonias con mayor rezago figuran como pilares de la pol\u00edtica p\u00fablica local. <strong>\u00abLa descentralizaci\u00f3n garantiza equidad territorial\u00bb \u2014 Isaac Montoya M\u00e1rquez<\/strong>. <\/p>\n\n\n\n<p class=\"wp-block-paragraph\">En mi opini\u00f3n, la administraci\u00f3n exhibe una visi\u00f3n coherente y resultados palpables en infraestructura y cohesi\u00f3n social; el liderazgo municipal ha impulsado acciones que recuperan el <strong>patrimonio<\/strong> y dignifican el espacio p\u00fablico, generando expectativas favorables entre la ciudadan\u00eda. La narrativa oficial proyecta eficacia y compromiso con la mejora continua del municipio. <strong>patrimonio<\/strong> <strong>eficacia<\/strong><\/p>\n\n\n\n<p class=\"wp-block-paragraph\">En s\u00edntesis, <strong>Isaac Montoya M\u00e1rquez<\/strong> encarna una gesti\u00f3n orientada a la acci\u00f3n y a la preservaci\u00f3n de la memoria colectiva; <strong>\u00abEl progreso nace del trabajo conjunto\u00bb \u2014 Cicer\u00f3n<\/strong>. <strong>#ParqueRevoluci\u00f3n<\/strong> La trayectoria de la administraci\u00f3n sugiere una apuesta sostenida por la transformaci\u00f3n territorial y la recuperaci\u00f3n del tejido social, con resultados medibles y una hoja de ruta clara hacia 2026. <\/p>\n\n\n\n<p class=\"wp-block-paragraph\"><strong>#miangelzorro<\/strong><\/p>\n\n\n\n<p class=\"wp-block-paragraph\"><strong>#ElMexiquenseVIP<\/strong>\u00a0\u2013<a href=\"https:\/\/www.facebook.com\/ElMexiquenseVIP\/\"><strong>El Mexiquense VIP<\/strong><\/a><\/p>\n\n\n\n<figure class=\"wp-block-image aligncenter size-large\"><img loading=\"lazy\" decoding=\"async\" width=\"1024\" height=\"472\" src=\"https:\/\/elmexiquense.vip\/wp-content\/uploads\/2026\/09\/isa-2-1024x472.jpg\" alt=\"\" class=\"wp-image-45728\"\/><\/figure>\n","protected":false},"excerpt":{"rendered":"<p>(#ObraP\u00fablica &#8211; #Transformaci\u00f3nMX) ***\u00a0#NaucalpanDeJu\u00e1rez,\u00a0#EstadoDeM\u00e9xico.-\u00a0En la conmemoraci\u00f3n del 152 Aniversario, #IsaacMontoyaM\u00e1rquez inaugur\u00f3 el acto en la #PlazaRevoluci\u00f3n y present\u00f3 el proyecto<\/p>\n","protected":false},"author":1,"featured_media":45728,"comment_status":"open","ping_status":"open","sticky":false,"template":"","format":"standard","meta":{"colormag_page_container_layout":"default_layout","colormag_page_sidebar_layout":"default_layout","rop_custom_images_group":[],"rop_custom_messages_group":[],"rop_publish_now":"no","rop_publish_now_accounts":{"facebook_102468208940364_894887317217274":""},"rop_publish_now_history":[{"account":"facebook_102468208940364_894887317217274","service":"facebook","timestamp":1788487581,"status":"success"}],"rop_publish_now_status":"done","footnotes":""},"categories":[29],"tags":[934,787,177,105,474,379,376,217,136,575,924,788,941,762,898,766,897,383],"class_list":["post-45727","post","type-post","status-publish","format-standard","has-post-thumbnail","hentry","category-destacados","tag-ariadna-montiel-reyes","tag-claudia-sheinbaum-pardo","tag-delfina-gomez-alvarez","tag-dif-naucalpan","tag-el-mexiquense-vip","tag-en-vivo","tag-enterate","tag-gobierno-de-mexico","tag-gobierno-del-estado-de-mexico","tag-gobierno-municipal-de-naucalpan-de-juarez","tag-guardia-municipal-ciudad-naucalpan","tag-isaac-montoya-marquez","tag-jose-carlos-quezada-roman","tag-miguel-angel-zorro","tag-naucalpan-news","tag-noticias-naucalpan","tag-turismo-naucalpan","tag-ultima-hora"],"_links":{"self":[{"href":"https:\/\/elmexiquense.vip\/index.php?rest_route=\/wp\/v2\/posts\/45727","targetHints":{"allow":["GET"]}}],"collection":[{"href":"https:\/\/elmexiquense.vip\/index.php?rest_route=\/wp\/v2\/posts"}],"about":[{"href":"https:\/\/elmexiquense.vip\/index.php?rest_route=\/wp\/v2\/types\/post"}],"author":[{"embeddable":true,"href":"https:\/\/elmexiquense.vip\/index.php?rest_route=\/wp\/v2\/users\/1"}],"replies":[{"embeddable":true,"href":"https:\/\/elmexiquense.vip\/index.php?rest_route=%2Fwp%2Fv2%2Fcomments&post=45727"}],"version-history":[{"count":1,"href":"https:\/\/elmexiquense.vip\/index.php?rest_route=\/wp\/v2\/posts\/45727\/revisions"}],"predecessor-version":[{"id":45730,"href":"https:\/\/elmexiquense.vip\/index.php?rest_route=\/wp\/v2\/posts\/45727\/revisions\/45730"}],"wp:featuredmedia":[{"embeddable":true,"href":"https:\/\/elmexiquense.vip\/index.php?rest_route=\/wp\/v2\/media\/45728"}],"wp:attachment":[{"href":"https:\/\/elmexiquense.vip\/index.php?rest_route=%2Fwp%2Fv2%2Fmedia&parent=45727"}],"wp:term":[{"taxonomy":"category","embeddable":true,"href":"https:\/\/elmexiquense.vip\/index.php?rest_route=%2Fwp%2Fv2%2Fcategories&post=45727"},{"taxonomy":"post_tag","embeddable":true,"href":"https:\/\/elmexiquense.vip\/index.php?rest_route=%2Fwp%2Fv2%2Ftags&post=45727"}],"curies":[{"name":"wp","href":"https:\/\/api.w.org\/{rel}","templated":true}]}}